{"id":112,"date":"2025-09-11T09:54:04","date_gmt":"2025-09-11T09:54:04","guid":{"rendered":"https:\/\/bephrincel.com\/?p=112"},"modified":"2025-09-11T09:54:04","modified_gmt":"2025-09-11T09:54:04","slug":"races-de-vaches-locales-francaises-en-voie-de-disparition","status":"publish","type":"post","link":"https:\/\/bephrincel.com\/?p=112","title":{"rendered":"Races de vaches locales fran\u00e7aises en voie de disparition"},"content":{"rendered":"<p>En 2025, la France, berceau d\u2019une diversit\u00e9 bovine exceptionnelle, voit dispara\u00eetre \u00e0 vue d\u2019\u0153il ses races locales de vaches \u2014 victimes de la standardisation agricole, de la course au rendement et de l\u2019abandon des territoires ruraux. Sur les 70 races bovines historiquement pr\u00e9sentes sur le territoire, pr\u00e8s de 30 sont aujourd\u2019hui menac\u00e9es d\u2019extinction, certaines ne comptant plus que quelques dizaines, voire quelques individus. Leur perte n\u2019est pas qu\u2019un drame patrimonial \u2014 c\u2019est une catastrophe \u00e9cologique, g\u00e9n\u00e9tique et culturelle. Voici les races les plus en danger, pourquoi elles comptent, et ce qui se fait \u2014 ou devrait se faire \u2014 pour les sauver.<\/p>\n<p>1. La Villard-de-Lans \u2014 l\u2019embl\u00e8me oubli\u00e9 des Alpes<br \/>\nOriginaire du Vercors, cette vache \u00e0 robe froment et museau clair, r\u00e9put\u00e9e pour sa rusticit\u00e9 et son lait riche en mati\u00e8re grasse (id\u00e9al pour la production de bleu du Vercors-Sassenage AOP), ne compte plus que 180 femelles reproductrices en 2025. Malgr\u00e9 son inscription au patrimoine agricole national depuis 2010, elle peine \u00e0 survivre face \u00e0 la Prim\u2019Holstein, plus productive. Le Conservatoire des Races d\u2019Auvergne-Rh\u00f4ne-Alpes lance en 2025 un plan d\u2019urgence : subventions pour les \u00e9leveurs, campagne de valorisation fromag\u00e8re, et cr\u00e9ation d\u2019une \u201croute du Villard\u201d touristique.<\/p>\n<p>2. La Mara\u00eechine \u2014 reine des marais, en sursis<br \/>\nDans les marais poitevins, cette vache rousse, robuste et adapt\u00e9e aux sols humides, a failli dispara\u00eetre dans les ann\u00e9es 1980. Sauv\u00e9e de justesse par une poign\u00e9e d\u2019\u00e9leveurs passionn\u00e9s, elle ne compte encore que 3 000 t\u00eates en 2025 \u2014 un chiffre fragile. Son lait, peu abondant mais de qualit\u00e9, et sa viande persill\u00e9e sont m\u00e9connus. Pourtant, elle joue un r\u00f4le \u00e9cologique majeur : son p\u00e2turage entretient les zones humides, refuge pour les oiseaux migrateurs. Le Parc naturel r\u00e9gional du Marais poitevin finance d\u00e9sormais des primes \u00e0 la naissance de veaux Mara\u00eechins \u2014 200 \u20ac par t\u00eate.<\/p>\n<p>3. La Mirandaise \u2014 la gasconne oubli\u00e9e<br \/>\nRace \u00e0 viande originaire du Gers et des Hautes-Pyr\u00e9n\u00e9es, la Mirandaise, avec sa robe blanche et ses muqueuses noires, \u00e9tait jadis la base du \u201cb\u0153uf de Mirande\u201d, r\u00e9put\u00e9 jusqu\u2019\u00e0 Paris au XIXe si\u00e8cle. Aujourd\u2019hui, moins de 400 vaches reproductrices subsistent. Sa viande, persill\u00e9e et go\u00fbteuse, est pourtant pl\u00e9biscit\u00e9e par les chefs \u00e9toil\u00e9s locaux. En 2025, un consortium de restaurateurs du Sud-Ouest lance \u201cSave Mirandaise\u201d, une campagne de crowdfunding pour financer l\u2019ins\u00e9mination artificielle et la cr\u00e9ation d\u2019une marque collective \u201cViande Mirandaise Garantie\u201d.<\/p>\n<p>4. La Nantaise \u2014 la discr\u00e8te de Loire-Atlantique<br \/>\nPresque totalement \u00e9teinte dans les ann\u00e9es 1960, red\u00e9couverte dans les ann\u00e9es 1990 gr\u00e2ce \u00e0 quelques vaches cach\u00e9es dans des fermes familiales, la Nantaise ne compte que 120 individus en 2025. Rustique, adapt\u00e9e aux bocages humides, elle produit un lait riche id\u00e9al pour les fromages fermiers. L\u2019association \u201cSauvegarde de la Race Nantaise\u201d propose d\u00e9sormais aux particuliers d\u2019\u201cadopter symboliquement\u201d une vache \u2014 50 \u20ac\/an \u2014 pour financer son entretien et sa reproduction. Une initiative citoyenne qui fait \u00e9cole.<\/p>\n<p><!--nextpage--><\/p>\n<p>5. La Ferrandaise \u2014 l\u2019auvergnate m\u00e9connue<br \/>\nAvec sa robe pie noire et blanche, la Ferrandaise, originaire du Puy-de-D\u00f4me, \u00e9tait la vache des paysans d\u2019Auvergne. R\u00e9duite \u00e0 300 t\u00eates en 2000, elle remonte lentement \u00e0 850 en 2025 gr\u00e2ce \u00e0 un travail de valorisation de sa viande fine et de son lait adapt\u00e9 aux fromages de garde. Le label \u201cFerrandaise Authentique\u201d est cr\u00e9\u00e9 en 2024, exigeant un p\u00e2turage minimum de 200 jours\/an et une alimentation sans ensilage. Les \u00e9leveurs sont soutenus par la R\u00e9gion Auvergne-Rh\u00f4ne-Alpes via des primes \u00e0 la qualit\u00e9.<\/p>\n<p>6. La B\u00e9arnaise \u2014 la pyr\u00e9n\u00e9enne en sursis<br \/>\nDans les Pyr\u00e9n\u00e9es-Atlantiques, la B\u00e9arnaise, petite vache rousse adapt\u00e9e aux pentes abruptes, ne compte plus que 250 femelles reproductrices. Son lait, utilis\u00e9 pour le fromage \u201cOssau-Iraty\u201d, est en concurrence directe avec celui des brebis \u2014 et perd du terrain. Pourtant, elle est indispensable \u00e0 l\u2019entretien des estives. En 2025, le Parc national des Pyr\u00e9n\u00e9es lance un programme de \u201cp\u00e2turage solidaire\u201d : les randonneurs peuvent \u201cparrainer\u201d un hectare p\u00e2tur\u00e9 par une B\u00e9arnaise \u2014 10 \u20ac\/an \u2014 pour financer les \u00e9leveurs.<\/p>\n<p>Pourquoi sauver ces races ? D\u2019abord pour leur patrimoine g\u00e9n\u00e9tique unique : elles r\u00e9sistent mieux aux maladies, s\u2019adaptent aux climats locaux, et n\u00e9cessitent moins d\u2019intrants. Ensuite, pour leur r\u00f4le \u00e9cologique : elles entretiennent des paysages que les races industrielles ne peuvent pas occuper. Enfin, pour leur valeur culturelle : chaque race raconte une histoire, un terroir, un savoir-faire.<\/p>\n<p>En 2025, l\u2019espoir vient des jeunes \u00e9leveurs, des consommateurs engag\u00e9s, et des politiques locales. Mais sans un soutien national massif \u2014 subventions, reconnaissance officielle, valorisation commerciale \u2014, ces races dispara\u00eetront dans les dix prochaines ann\u00e9es. Sauver une vache locale, c\u2019est sauver un morceau de France. Et il n\u2019est pas trop tard \u2014 mais il faut agir, maintenant.<\/p>\n","protected":false},"excerpt":{"rendered":"<p>En 2025, la France, berceau d\u2019une diversit\u00e9 bovine exceptionnelle, voit dispara\u00eetre \u00e0 vue d\u2019\u0153il ses races locales de vaches \u2014 victimes de la standardisation agricole, de la course au rendement&hellip;<\/p>\n","protected":false},"author":2,"featured_media":101,"comment_status":"open","ping_status":"open","sticky":false,"template":"","format":"standard","meta":{"footnotes":""},"categories":[28],"tags":[],"class_list":["post-112","post","type-post","status-publish","format-standard","has-post-thumbnail","hentry","category-animaux-de-la-ferme"],"_links":{"self":[{"href":"https:\/\/bephrincel.com\/index.php?rest_route=\/wp\/v2\/posts\/112","targetHints":{"allow":["GET"]}}],"collection":[{"href":"https:\/\/bephrincel.com\/index.php?rest_route=\/wp\/v2\/posts"}],"about":[{"href":"https:\/\/bephrincel.com\/index.php?rest_route=\/wp\/v2\/types\/post"}],"author":[{"embeddable":true,"href":"https:\/\/bephrincel.com\/index.php?rest_route=\/wp\/v2\/users\/2"}],"replies":[{"embeddable":true,"href":"https:\/\/bephrincel.com\/index.php?rest_route=%2Fwp%2Fv2%2Fcomments&post=112"}],"version-history":[{"count":1,"href":"https:\/\/bephrincel.com\/index.php?rest_route=\/wp\/v2\/posts\/112\/revisions"}],"predecessor-version":[{"id":113,"href":"https:\/\/bephrincel.com\/index.php?rest_route=\/wp\/v2\/posts\/112\/revisions\/113"}],"wp:featuredmedia":[{"embeddable":true,"href":"https:\/\/bephrincel.com\/index.php?rest_route=\/wp\/v2\/media\/101"}],"wp:attachment":[{"href":"https:\/\/bephrincel.com\/index.php?rest_route=%2Fwp%2Fv2%2Fmedia&parent=112"}],"wp:term":[{"taxonomy":"category","embeddable":true,"href":"https:\/\/bephrincel.com\/index.php?rest_route=%2Fwp%2Fv2%2Fcategories&post=112"},{"taxonomy":"post_tag","embeddable":true,"href":"https:\/\/bephrincel.com\/index.php?rest_route=%2Fwp%2Fv2%2Ftags&post=112"}],"curies":[{"name":"wp","href":"https:\/\/api.w.org\/{rel}","templated":true}]}}